{"id":99290,"date":"2025-11-27T12:33:29","date_gmt":"2025-11-27T12:33:29","guid":{"rendered":"https:\/\/stopcarcinogensatwork.eu\/successo-della-conferenza-stami-sui-tumori-correlati-al-lavoro\/"},"modified":"2025-11-27T12:33:29","modified_gmt":"2025-11-27T12:33:29","slug":"successo-della-conferenza-stami-sui-tumori-correlati-al-lavoro","status":"publish","type":"post","link":"https:\/\/stopcarcinogensatwork.eu\/it\/successo-della-conferenza-stami-sui-tumori-correlati-al-lavoro\/","title":{"rendered":"Successo della conferenza STAMI sui tumori correlati al lavoro"},"content":{"rendered":"<p><strong><a href=\"https:\/\/stami.no\/en\/\" target=\"_blank\" rel=\"noopener\">Lo STAMI<\/a>, l&#8217;istituto nazionale norvegese per la salute sul lavoro, ha riunito i principali ambienti di ricerca nazionali e internazionali per un importante incontro sul tumore correlato al lavoro. La direttrice Therese Hanvold descrive gli incontri come un successo e un&#8217;importanza: &#8220;Non abbiamo mai riunito prima d&#8217;ora cos\u00ec tanti attori centrali del settore per discutere insieme le opportunit\u00e0 e le sfide. Questo apre le porte a nuove collaborazioni&#8221;, afferma. <\/strong><\/p>\n<p>Hanvold sottolinea la necessit\u00e0 di specificare ulteriormente la collaborazione, sia per garantire i finanziamenti per la ricerca, sia per migliorare lo sviluppo delle conoscenze e costruire partnership strategiche tra il settore sanitario e il mercato del lavoro. Inoltre, sottolinea l&#8217;importanza di una stretta collaborazione con ambienti internazionali come lo <a href=\"https:\/\/www.iarc.who.int\/\" target=\"_blank\" rel=\"noopener\">IARC<\/a> (Agenzia Internazionale per la Ricerca sul Cancro). <strong> <\/strong><\/p>\n<h2>Lo sforzo congiunto \u00e8 fondamentale<\/h2>\n<p>Il Direttore della IARC, Elisabete Weiderpass, ha ringraziato lo STAMI per l&#8217;iniziativa dell&#8217;incontro e ha sottolineato l&#8217;importanza di avere a disposizione aree comuni per la ricerca sui tumori correlati al lavoro. Ha invitato lo STAMI a proseguire la collaborazione, anche attraverso un workshop o una sessione dedicata durante il 60\u00b0 anniversario della IARC a Lione nel 2026. <\/p>\n<p>Giske Ursin del Registro dei Tumori e della FHI ha sottolineato la necessit\u00e0 di una pi\u00f9 stretta collaborazione tra le istituzioni: &#8220;La ricerca sui tumori correlati al lavoro \u00e8 impegnativa e dobbiamo lavorare di pi\u00f9 insieme per avere successo. Una maggiore registrazione delle professioni nel Registro dei Tumori sar\u00e0 un passo importante per rafforzare la base di conoscenze&#8221;, ha dichiarato.<\/p>\n<h2>Importante investimento in conoscenza e dati<\/h2>\n<p>La direttrice dello STAMI Therese Hanvold descrive la conferenza come un punto di partenza per l&#8217;ulteriore lavoro dello STAMI sui tumori correlati al lavoro:<\/p>\n<p>&#8220;Gli incontri hanno aperto le porte a nuove collaborazioni e hanno chiarito la necessit\u00e0 di disporre di dati e conoscenze migliori. Per rafforzare la ricerca in futuro, dipendiamo da buoni registri sugli orari di lavoro e sulle esposizioni chimiche&#8221;.<\/p>\n<p>Dal punto di vista dello STAMI, \u00e8 fondamentale garantire informazioni sulla professione nella registrazione dei tumori in Norvegia. Tuttavia, per rafforzare la ricerca sui tumori correlati al lavoro, sono necessari anche dati migliori sulle condizioni di esposizione. <\/p>\n<p>Hanvold sottolinea l&#8217;attenzione dello STAMI per la creazione di registri nazionali relativi, tra l&#8217;altro, agli orari di lavoro e alle esposizioni chimiche nel mercato del lavoro:<\/p>\n<p>&#8220;Questi registri forniranno una base unica per collegare i dati e sviluppare le conoscenze sulle cause e sulle misure preventive, in modo da ridurre il peso dei tumori correlati al lavoro in Norvegia. Allo stesso tempo, la ricerca da sola non \u00e8 sufficiente: dobbiamo comunicare le conoscenze in modo da renderle comprensibili e utili per coloro che le utilizzeranno&#8221;.<\/p>\n<p>La conferenza ha segnato anche la continuazione del lavoro dello STAMI nell&#8217;ambito della <em>Roadmap dei cancerogeni<\/em>. Grazie a questa collaborazione, STAMI ha contribuito alla traduzione e alla verifica del sito web europeo <a href=\"https:\/\/www.stopcarcinogensatwork.eu\/\"><strong>stopcarcinogensatwork.eu<\/strong><\/a>che offre informazioni accessibili sulle sostanze cancerogene, sulle professioni ad alto rischio e sulle misure preventive &#8211; ora disponibile anche in norvegese. <\/p>\n<h2>Rafforzare la collaborazione internazionale nella ricerca<\/h2>\n<p>Il professore di ricerca Shan Narui, del gruppo di tossicologia occupazionale dello STAMI, afferma che il prossimo passo sar\u00e0 quello di rafforzare la collaborazione internazionale attraverso un nuovo consorzio di ricerca:<\/p>\n<p>&#8220;Come seguito agli incontri di successo sui tumori correlati al lavoro tenutisi presso lo STAMI il 25-26 settembre 2025, stiamo per istituire un consorzio di ricerca internazionale sui tumori correlati al lavoro. Il consorzio si baser\u00e0 sulle raccomandazioni degli incontri di settembre e continuer\u00e0 questo importante lavoro negli anni a venire&#8221;.<\/p>\n<p>I partner principali di questo consorzio sono STAMI (Norvegia), INAIL (Italia), NRWCE (Danimarca), INRS (Francia) e BAuA dalla Germania, oltre a ricercatori internazionali interessati ai tumori correlati al lavoro. STAMI ha anche preso l&#8217;iniziativa di proporre una rete PEROSH sui tumori correlati al lavoro. <\/p>\n<div id=\"attachment_92701\" style=\"width: 460px\" class=\"wp-caption aligncenter\"><img fetchpriority=\"high\" decoding=\"async\" aria-describedby=\"caption-attachment-92701\" class=\"wp-image-92701\" src=\"https:\/\/stopcarcinogensatwork.eu\/wp-content\/uploads\/2025\/11\/Image-4-2-300x225.jpg\" alt=\"\" width=\"450\" height=\"338\" srcset=\"https:\/\/stopcarcinogensatwork.eu\/wp-content\/uploads\/2025\/11\/Image-4-2-300x225.jpg 300w, https:\/\/stopcarcinogensatwork.eu\/wp-content\/uploads\/2025\/11\/Image-4-2-768x576.jpg 768w, https:\/\/stopcarcinogensatwork.eu\/wp-content\/uploads\/2025\/11\/Image-4-2.jpg 1024w\" sizes=\"(max-width: 450px) 100vw, 450px\" \/><p id=\"caption-attachment-92701\" class=\"wp-caption-text\">Giske Ursin, Direttore del Registro dei Tumori della Norvegia, Direttore di Divisione presso l&#8217;Istituto Norvegese di Sanit\u00e0 Pubblica, presenta durante la conferenza STAMI sui tumori correlati al lavoro a Oslo, settembre 2025.<\/p><\/div>\n","protected":false},"excerpt":{"rendered":"<p>Lo STAMI, l&#8217;istituto nazionale norvegese per la salute sul lavoro, ha riunito i principali ambienti di ricerca nazionali e internazionali per un importante incontro sul tumore correlato al lavoro. La direttrice Therese Hanvold descrive gli incontri come un successo e un&#8217;importanza: &#8220;Non abbiamo mai riunito prima d&#8217;ora cos\u00ec tanti attori centrali del settore per discutere [&hellip;]<\/p>\n","protected":false},"author":18,"featured_media":0,"comment_status":"closed","ping_status":"closed","sticky":false,"template":"","format":"standard","meta":{"inline_featured_image":false,"footnotes":"","_members_access_role":[],"_members_access_error":""},"categories":[],"tags":[],"carcinogens":[],"country":[],"class_list":["post-99290","post","type-post","status-publish","format-standard","hentry"],"yoast_head":"<!-- This site is optimized with the Yoast SEO Premium plugin v28.3 (Yoast SEO v28.3) - https:\/\/yoast.com\/product\/yoast-seo-premium-wordpress\/ -->\n<title>%<\/title>\n<meta name=\"description\" content=\"Non abbiamo mai riunito cos\u00ec tanti attori centrali nel campo dei tumori correlati al lavoro per discutere insieme le opportunit\u00e0 e le sfide.\" \/>\n<meta name=\"robots\" content=\"index, follow, max-snippet:-1, max-image-preview:large, max-video-preview:-1\" \/>\n<link rel=\"canonical\" href=\"https:\/\/stopcarcinogensatwork.eu\/it\/successo-della-conferenza-stami-sui-tumori-correlati-al-lavoro\/\" \/>\n<meta property=\"og:locale\" content=\"it_IT\" \/>\n<meta property=\"og:type\" content=\"article\" \/>\n<meta property=\"og:title\" content=\"Successo della conferenza STAMI sui tumori correlati al lavoro\" \/>\n<meta property=\"og:description\" content=\"Non abbiamo mai riunito cos\u00ec tanti attori centrali nel campo dei tumori correlati al lavoro per discutere insieme le opportunit\u00e0 e le sfide.\" \/>\n<meta property=\"og:url\" content=\"https:\/\/stopcarcinogensatwork.eu\/it\/successo-della-conferenza-stami-sui-tumori-correlati-al-lavoro\/\" \/>\n<meta property=\"og:site_name\" content=\"STOP carcinogens at work\" \/>\n<meta property=\"article:published_time\" content=\"2025-11-27T12:33:29+00:00\" \/>\n<meta property=\"og:image\" content=\"https:\/\/stopcarcinogensatwork.eu\/wp-content\/uploads\/2025\/11\/Image-4-2.jpg\" \/>\n\t<meta property=\"og:image:width\" content=\"1024\" \/>\n\t<meta property=\"og:image:height\" content=\"768\" \/>\n\t<meta property=\"og:image:type\" content=\"image\/jpeg\" \/>\n<meta name=\"author\" content=\"EJ\" \/>\n<meta name=\"twitter:card\" content=\"summary_large_image\" \/>\n<meta name=\"twitter:label1\" content=\"Scritto da\" \/>\n\t<meta name=\"twitter:data1\" content=\"EJ\" \/>\n\t<meta name=\"twitter:label2\" content=\"Tempo di lettura stimato\" \/>\n\t<meta name=\"twitter:data2\" content=\"3 minuti\" \/>\n<script type=\"application\/ld+json\" class=\"yoast-schema-graph\">{\"@context\":\"https:\\\/\\\/schema.org\",\"@graph\":[{\"@type\":\"Article\",\"@id\":\"https:\\\/\\\/stopcarcinogensatwork.eu\\\/it\\\/successo-della-conferenza-stami-sui-tumori-correlati-al-lavoro\\\/#article\",\"isPartOf\":{\"@id\":\"https:\\\/\\\/stopcarcinogensatwork.eu\\\/it\\\/successo-della-conferenza-stami-sui-tumori-correlati-al-lavoro\\\/\"},\"author\":{\"name\":\"EJ\",\"@id\":\"https:\\\/\\\/stopcarcinogensatwork.eu\\\/it\\\/#\\\/schema\\\/person\\\/4a88eda0a216a92b6e75994d9f72ff0f\"},\"headline\":\"Successo della conferenza STAMI sui tumori correlati al lavoro\",\"datePublished\":\"2025-11-27T12:33:29+00:00\",\"mainEntityOfPage\":{\"@id\":\"https:\\\/\\\/stopcarcinogensatwork.eu\\\/it\\\/successo-della-conferenza-stami-sui-tumori-correlati-al-lavoro\\\/\"},\"wordCount\":680,\"publisher\":{\"@id\":\"https:\\\/\\\/stopcarcinogensatwork.eu\\\/it\\\/#organization\"},\"image\":{\"@id\":\"https:\\\/\\\/stopcarcinogensatwork.eu\\\/it\\\/successo-della-conferenza-stami-sui-tumori-correlati-al-lavoro\\\/#primaryimage\"},\"thumbnailUrl\":\"https:\\\/\\\/stopcarcinogensatwork.eu\\\/wp-content\\\/uploads\\\/2025\\\/11\\\/Image-4-2-300x225.jpg\",\"inLanguage\":\"it-IT\"},{\"@type\":\"WebPage\",\"@id\":\"https:\\\/\\\/stopcarcinogensatwork.eu\\\/it\\\/successo-della-conferenza-stami-sui-tumori-correlati-al-lavoro\\\/\",\"url\":\"https:\\\/\\\/stopcarcinogensatwork.eu\\\/it\\\/successo-della-conferenza-stami-sui-tumori-correlati-al-lavoro\\\/\",\"name\":\"%\",\"isPartOf\":{\"@id\":\"https:\\\/\\\/stopcarcinogensatwork.eu\\\/it\\\/#website\"},\"primaryImageOfPage\":{\"@id\":\"https:\\\/\\\/stopcarcinogensatwork.eu\\\/it\\\/successo-della-conferenza-stami-sui-tumori-correlati-al-lavoro\\\/#primaryimage\"},\"image\":{\"@id\":\"https:\\\/\\\/stopcarcinogensatwork.eu\\\/it\\\/successo-della-conferenza-stami-sui-tumori-correlati-al-lavoro\\\/#primaryimage\"},\"thumbnailUrl\":\"https:\\\/\\\/stopcarcinogensatwork.eu\\\/wp-content\\\/uploads\\\/2025\\\/11\\\/Image-4-2-300x225.jpg\",\"datePublished\":\"2025-11-27T12:33:29+00:00\",\"description\":\"Non abbiamo mai riunito cos\u00ec tanti attori centrali nel campo dei tumori correlati al lavoro per discutere insieme le opportunit\u00e0 e le sfide.\",\"breadcrumb\":{\"@id\":\"https:\\\/\\\/stopcarcinogensatwork.eu\\\/it\\\/successo-della-conferenza-stami-sui-tumori-correlati-al-lavoro\\\/#breadcrumb\"},\"inLanguage\":\"it-IT\",\"potentialAction\":[{\"@type\":\"ReadAction\",\"target\":[\"https:\\\/\\\/stopcarcinogensatwork.eu\\\/it\\\/successo-della-conferenza-stami-sui-tumori-correlati-al-lavoro\\\/\"]}]},{\"@type\":\"ImageObject\",\"inLanguage\":\"it-IT\",\"@id\":\"https:\\\/\\\/stopcarcinogensatwork.eu\\\/it\\\/successo-della-conferenza-stami-sui-tumori-correlati-al-lavoro\\\/#primaryimage\",\"url\":\"https:\\\/\\\/stopcarcinogensatwork.eu\\\/wp-content\\\/uploads\\\/2025\\\/11\\\/Image-4-2-300x225.jpg\",\"contentUrl\":\"https:\\\/\\\/stopcarcinogensatwork.eu\\\/wp-content\\\/uploads\\\/2025\\\/11\\\/Image-4-2-300x225.jpg\"},{\"@type\":\"BreadcrumbList\",\"@id\":\"https:\\\/\\\/stopcarcinogensatwork.eu\\\/it\\\/successo-della-conferenza-stami-sui-tumori-correlati-al-lavoro\\\/#breadcrumb\",\"itemListElement\":[{\"@type\":\"ListItem\",\"position\":1,\"name\":\"Home\",\"item\":\"https:\\\/\\\/stopcarcinogensatwork.eu\\\/it\\\/\"},{\"@type\":\"ListItem\",\"position\":2,\"name\":\"Successo della conferenza STAMI sui tumori correlati al lavoro\"}]},{\"@type\":\"WebSite\",\"@id\":\"https:\\\/\\\/stopcarcinogensatwork.eu\\\/it\\\/#website\",\"url\":\"https:\\\/\\\/stopcarcinogensatwork.eu\\\/it\\\/\",\"name\":\"STOP Carcinogens at work\",\"description\":\"Every year, about 100.000 people die from cancer that was caused by exposure to carcinogens at work in Europe.\",\"publisher\":{\"@id\":\"https:\\\/\\\/stopcarcinogensatwork.eu\\\/it\\\/#organization\"},\"alternateName\":\"Roadmap on Carcinogens\",\"potentialAction\":[{\"@type\":\"SearchAction\",\"target\":{\"@type\":\"EntryPoint\",\"urlTemplate\":\"https:\\\/\\\/stopcarcinogensatwork.eu\\\/it\\\/?s={search_term_string}\"},\"query-input\":{\"@type\":\"PropertyValueSpecification\",\"valueRequired\":true,\"valueName\":\"search_term_string\"}}],\"inLanguage\":\"it-IT\"},{\"@type\":\"Organization\",\"@id\":\"https:\\\/\\\/stopcarcinogensatwork.eu\\\/it\\\/#organization\",\"name\":\"TNO\",\"alternateName\":\"This is a European wide voluntary action scheme\",\"url\":\"https:\\\/\\\/stopcarcinogensatwork.eu\\\/it\\\/\",\"logo\":{\"@type\":\"ImageObject\",\"inLanguage\":\"it-IT\",\"@id\":\"https:\\\/\\\/stopcarcinogensatwork.eu\\\/it\\\/#\\\/schema\\\/logo\\\/image\\\/\",\"url\":\"https:\\\/\\\/stopcarcinogensatwork.eu\\\/wp-content\\\/uploads\\\/2024\\\/08\\\/cropped-FavLarge-1.png\",\"contentUrl\":\"https:\\\/\\\/stopcarcinogensatwork.eu\\\/wp-content\\\/uploads\\\/2024\\\/08\\\/cropped-FavLarge-1.png\",\"width\":512,\"height\":512,\"caption\":\"TNO\"},\"image\":{\"@id\":\"https:\\\/\\\/stopcarcinogensatwork.eu\\\/it\\\/#\\\/schema\\\/logo\\\/image\\\/\"},\"publishingPrinciples\":\"https:\\\/\\\/stopcarcinogensatwork.eu\\\/legal\\\/\",\"ownershipFundingInfo\":\"https:\\\/\\\/stopcarcinogensatwork.eu\\\/general\\\/about-us\\\/\"},{\"@type\":\"Person\",\"@id\":\"https:\\\/\\\/stopcarcinogensatwork.eu\\\/it\\\/#\\\/schema\\\/person\\\/4a88eda0a216a92b6e75994d9f72ff0f\",\"name\":\"EJ\"}]}<\/script>\n<!-- \/ Yoast SEO Premium plugin. -->","yoast_head_json":{"title":"%","description":"Non abbiamo mai riunito cos\u00ec tanti attori centrali nel campo dei tumori correlati al lavoro per discutere insieme le opportunit\u00e0 e le sfide.","robots":{"index":"index","follow":"follow","max-snippet":"max-snippet:-1","max-image-preview":"max-image-preview:large","max-video-preview":"max-video-preview:-1"},"canonical":"https:\/\/stopcarcinogensatwork.eu\/it\/successo-della-conferenza-stami-sui-tumori-correlati-al-lavoro\/","og_locale":"it_IT","og_type":"article","og_title":"Successo della conferenza STAMI sui tumori correlati al lavoro","og_description":"Non abbiamo mai riunito cos\u00ec tanti attori centrali nel campo dei tumori correlati al lavoro per discutere insieme le opportunit\u00e0 e le sfide.","og_url":"https:\/\/stopcarcinogensatwork.eu\/it\/successo-della-conferenza-stami-sui-tumori-correlati-al-lavoro\/","og_site_name":"STOP carcinogens at work","article_published_time":"2025-11-27T12:33:29+00:00","og_image":[{"width":1024,"height":768,"url":"https:\/\/stopcarcinogensatwork.eu\/wp-content\/uploads\/2025\/11\/Image-4-2.jpg","type":"image\/jpeg"}],"author":"EJ","twitter_card":"summary_large_image","twitter_misc":{"Scritto da":"EJ","Tempo di lettura stimato":"3 minuti"},"schema":{"@context":"https:\/\/schema.org","@graph":[{"@type":"Article","@id":"https:\/\/stopcarcinogensatwork.eu\/it\/successo-della-conferenza-stami-sui-tumori-correlati-al-lavoro\/#article","isPartOf":{"@id":"https:\/\/stopcarcinogensatwork.eu\/it\/successo-della-conferenza-stami-sui-tumori-correlati-al-lavoro\/"},"author":{"name":"EJ","@id":"https:\/\/stopcarcinogensatwork.eu\/it\/#\/schema\/person\/4a88eda0a216a92b6e75994d9f72ff0f"},"headline":"Successo della conferenza STAMI sui tumori correlati al lavoro","datePublished":"2025-11-27T12:33:29+00:00","mainEntityOfPage":{"@id":"https:\/\/stopcarcinogensatwork.eu\/it\/successo-della-conferenza-stami-sui-tumori-correlati-al-lavoro\/"},"wordCount":680,"publisher":{"@id":"https:\/\/stopcarcinogensatwork.eu\/it\/#organization"},"image":{"@id":"https:\/\/stopcarcinogensatwork.eu\/it\/successo-della-conferenza-stami-sui-tumori-correlati-al-lavoro\/#primaryimage"},"thumbnailUrl":"https:\/\/stopcarcinogensatwork.eu\/wp-content\/uploads\/2025\/11\/Image-4-2-300x225.jpg","inLanguage":"it-IT"},{"@type":"WebPage","@id":"https:\/\/stopcarcinogensatwork.eu\/it\/successo-della-conferenza-stami-sui-tumori-correlati-al-lavoro\/","url":"https:\/\/stopcarcinogensatwork.eu\/it\/successo-della-conferenza-stami-sui-tumori-correlati-al-lavoro\/","name":"%","isPartOf":{"@id":"https:\/\/stopcarcinogensatwork.eu\/it\/#website"},"primaryImageOfPage":{"@id":"https:\/\/stopcarcinogensatwork.eu\/it\/successo-della-conferenza-stami-sui-tumori-correlati-al-lavoro\/#primaryimage"},"image":{"@id":"https:\/\/stopcarcinogensatwork.eu\/it\/successo-della-conferenza-stami-sui-tumori-correlati-al-lavoro\/#primaryimage"},"thumbnailUrl":"https:\/\/stopcarcinogensatwork.eu\/wp-content\/uploads\/2025\/11\/Image-4-2-300x225.jpg","datePublished":"2025-11-27T12:33:29+00:00","description":"Non abbiamo mai riunito cos\u00ec tanti attori centrali nel campo dei tumori correlati al lavoro per discutere insieme le opportunit\u00e0 e le sfide.","breadcrumb":{"@id":"https:\/\/stopcarcinogensatwork.eu\/it\/successo-della-conferenza-stami-sui-tumori-correlati-al-lavoro\/#breadcrumb"},"inLanguage":"it-IT","potentialAction":[{"@type":"ReadAction","target":["https:\/\/stopcarcinogensatwork.eu\/it\/successo-della-conferenza-stami-sui-tumori-correlati-al-lavoro\/"]}]},{"@type":"ImageObject","inLanguage":"it-IT","@id":"https:\/\/stopcarcinogensatwork.eu\/it\/successo-della-conferenza-stami-sui-tumori-correlati-al-lavoro\/#primaryimage","url":"https:\/\/stopcarcinogensatwork.eu\/wp-content\/uploads\/2025\/11\/Image-4-2-300x225.jpg","contentUrl":"https:\/\/stopcarcinogensatwork.eu\/wp-content\/uploads\/2025\/11\/Image-4-2-300x225.jpg"},{"@type":"BreadcrumbList","@id":"https:\/\/stopcarcinogensatwork.eu\/it\/successo-della-conferenza-stami-sui-tumori-correlati-al-lavoro\/#breadcrumb","itemListElement":[{"@type":"ListItem","position":1,"name":"Home","item":"https:\/\/stopcarcinogensatwork.eu\/it\/"},{"@type":"ListItem","position":2,"name":"Successo della conferenza STAMI sui tumori correlati al lavoro"}]},{"@type":"WebSite","@id":"https:\/\/stopcarcinogensatwork.eu\/it\/#website","url":"https:\/\/stopcarcinogensatwork.eu\/it\/","name":"STOP Carcinogens at work","description":"Every year, about 100.000 people die from cancer that was caused by exposure to carcinogens at work in Europe.","publisher":{"@id":"https:\/\/stopcarcinogensatwork.eu\/it\/#organization"},"alternateName":"Roadmap on Carcinogens","potentialAction":[{"@type":"SearchAction","target":{"@type":"EntryPoint","urlTemplate":"https:\/\/stopcarcinogensatwork.eu\/it\/?s={search_term_string}"},"query-input":{"@type":"PropertyValueSpecification","valueRequired":true,"valueName":"search_term_string"}}],"inLanguage":"it-IT"},{"@type":"Organization","@id":"https:\/\/stopcarcinogensatwork.eu\/it\/#organization","name":"TNO","alternateName":"This is a European wide voluntary action scheme","url":"https:\/\/stopcarcinogensatwork.eu\/it\/","logo":{"@type":"ImageObject","inLanguage":"it-IT","@id":"https:\/\/stopcarcinogensatwork.eu\/it\/#\/schema\/logo\/image\/","url":"https:\/\/stopcarcinogensatwork.eu\/wp-content\/uploads\/2024\/08\/cropped-FavLarge-1.png","contentUrl":"https:\/\/stopcarcinogensatwork.eu\/wp-content\/uploads\/2024\/08\/cropped-FavLarge-1.png","width":512,"height":512,"caption":"TNO"},"image":{"@id":"https:\/\/stopcarcinogensatwork.eu\/it\/#\/schema\/logo\/image\/"},"publishingPrinciples":"https:\/\/stopcarcinogensatwork.eu\/legal\/","ownershipFundingInfo":"https:\/\/stopcarcinogensatwork.eu\/general\/about-us\/"},{"@type":"Person","@id":"https:\/\/stopcarcinogensatwork.eu\/it\/#\/schema\/person\/4a88eda0a216a92b6e75994d9f72ff0f","name":"EJ"}]}},"_links":{"self":[{"href":"https:\/\/stopcarcinogensatwork.eu\/it\/wp-json\/wp\/v2\/posts\/99290","targetHints":{"allow":["GET"]}}],"collection":[{"href":"https:\/\/stopcarcinogensatwork.eu\/it\/wp-json\/wp\/v2\/posts"}],"about":[{"href":"https:\/\/stopcarcinogensatwork.eu\/it\/wp-json\/wp\/v2\/types\/post"}],"author":[{"embeddable":true,"href":"https:\/\/stopcarcinogensatwork.eu\/it\/wp-json\/wp\/v2\/users\/18"}],"replies":[{"embeddable":true,"href":"https:\/\/stopcarcinogensatwork.eu\/it\/wp-json\/wp\/v2\/comments?post=99290"}],"version-history":[{"count":0,"href":"https:\/\/stopcarcinogensatwork.eu\/it\/wp-json\/wp\/v2\/posts\/99290\/revisions"}],"wp:attachment":[{"href":"https:\/\/stopcarcinogensatwork.eu\/it\/wp-json\/wp\/v2\/media?parent=99290"}],"wp:term":[{"taxonomy":"category","embeddable":true,"href":"https:\/\/stopcarcinogensatwork.eu\/it\/wp-json\/wp\/v2\/categories?post=99290"},{"taxonomy":"post_tag","embeddable":true,"href":"https:\/\/stopcarcinogensatwork.eu\/it\/wp-json\/wp\/v2\/tags?post=99290"},{"taxonomy":"carcinogens","embeddable":true,"href":"https:\/\/stopcarcinogensatwork.eu\/it\/wp-json\/wp\/v2\/carcinogens?post=99290"},{"taxonomy":"country","embeddable":true,"href":"https:\/\/stopcarcinogensatwork.eu\/it\/wp-json\/wp\/v2\/country?post=99290"}],"curies":[{"name":"wp","href":"https:\/\/api.w.org\/{rel}","templated":true}]}}